{
    "id": 5500,
    "date": "2024-04-28T20:07:04",
    "date_gmt": "2024-04-28T20:07:04",
    "guid": {
        "rendered": "https:\/\/lucilius-interim.com\/?p=5500"
    },
    "modified": "2024-06-24T20:48:32",
    "modified_gmt": "2024-06-24T20:48:32",
    "slug": "alles-gute-charite-cfm",
    "status": "publish",
    "type": "post",
    "link": "https:\/\/lucilius-interim.com\/de\/alles-gute-charite-cfm\/",
    "title": {
        "rendered": "Alles Gute, Charit\u00e9 CFM!"
    },
    "content": {
        "rendered": "<div class=\"et_d4_element et_pb_section et_pb_section_0  et_pb_css_mix_blend_mode et_section_regular et_block_section\" >\n\t\t\t\t\n\t\t\t\t\n\t\t\t\t\n\t\t\t\t\n\t\t\t\t\n\t\t\t\t\n\t\t\t\t<div class=\"et_d4_element et_pb_row et_pb_row_0  et_pb_css_mix_blend_mode et_block_row\">\n\t\t\t\t<div class=\"et_d4_element et_pb_column_4_4 et_pb_column et_pb_column_0  et_pb_css_mix_blend_mode et-last-child et_block_column\">\n\t\t\t\t\n\t\t\t\t\n\t\t\t\t\n\t\t\t\t\n\t\t\t\t<div class=\"et_pb_module et_d4_element et_pb_text et_pb_text_0  et_pb_text_align_left et_pb_bg_layout_light\">\n\t\t\t\t\n\t\t\t\t\n\t\t\t\t\n\t\t\t\t\n\t\t\t\t<div class=\"et_pb_text_inner\"><p>Liebe Gesch\u00e4ftspartner, Kollegen und Freunde,<\/p>\n<p>nachdem ich meine Aufgaben \u00fcbergeben habe, ist es Zeit, die Charit\u00e9 CFM zu verlassen, wo ich als Interim CFO und Senior Advisor t\u00e4tig war.<\/p>\n<p>Vielen Dank, Juliane und Simon, f\u00fcr eure F\u00fchrung in den vergangenen acht Monaten und daf\u00fcr, dass Ihr mir dieses Mandat anvertraut habt. Es war mir eine Freude, mit Euch und dem gesamten GL-Team zusammenzuarbeiten. Brinja, ich w\u00fcnsche dir viel Erfolg in Deiner neuen Rolle. Und Monika, Jens, Sascha und Daniel: Ihr wart ein tolle F\u00fchrungsteam; ich danke Euch f\u00fcr Eure Offenheit und Euer Engagement. Rockt weiter!<\/p>\n<p>Alles Gute also, CFM, danke, dass ich Teil eures Weges sein durfte, und viel Erfolg!<\/p>\n<p>Beste Gr\u00fc\u00dfe,<\/p>\n<p>&nbsp;<\/p>\n<p>Dietmar<br \/><span>\u00a0<\/span><br \/><span>\u00a0<\/span><br \/>LUCILIUS INTERIM<br \/>Dr Dietmar Scheja<br \/>Financial Leadership<\/p>\n<p>&nbsp;<\/p>\n<p>Die 30 hat Christian Wiediger aufgenommen und auf unsplash.com zur Verf\u00fcgung gestellt. Vielen Dank!<\/p><\/div>\n\t\t\t<\/div>\n\t\t\t<\/div>\n\t\t\t\t\n\t\t\t\t\n\t\t\t\t\n\t\t\t\t\n\t\t\t<\/div>\n\t\t\t\t\n\t\t\t\t\n\t\t\t<\/div>",
        "protected": false
    },
    "excerpt": {
        "rendered": "<p>Meine Aufgaben als Interim CFO und Senior Advisor sind \u00fcbergeben, und es ist Zeit, die Charit\u00e9 CFM zu verlassen.<\/p>",
        "protected": false
    },
    "author": 3,
    "featured_media": 5492,
    "comment_status": "closed",
    "ping_status": "open",
    "sticky": false,
    "template": "",
    "format": "standard",
    "meta": {
        "_acf_changed": false,
        "_et_pb_use_builder": "on",
        "_et_pb_old_content": "",
        "_et_gb_content_width": "",
        "footnotes": ""
    },
    "categories": [
        15
    ],
    "tags": [
        38,
        22,
        42,
        67
    ],
    "class_list": [
        "post-5500",
        "post",
        "type-post",
        "status-publish",
        "format-standard",
        "has-post-thumbnail",
        "hentry",
        "category-announcements",
        "tag-cfo",
        "tag-finanzielle-fuehrung",
        "tag-finanzleitung",
        "tag-interim-cfo"
    ],
    "acf": [],
    "_links": {
        "self": [
            {
                "href": "https:\/\/lucilius-interim.com\/de\/wp-json\/wp\/v2\/posts\/5500",
                "targetHints": {
                    "allow": [
                        "GET"
                    ]
                }
            }
        ],
        "collection": [
            {
                "href": "https:\/\/lucilius-interim.com\/de\/wp-json\/wp\/v2\/posts"
            }
        ],
        "about": [
            {
                "href": "https:\/\/lucilius-interim.com\/de\/wp-json\/wp\/v2\/types\/post"
            }
        ],
        "author": [
            {
                "embeddable": true,
                "href": "https:\/\/lucilius-interim.com\/de\/wp-json\/wp\/v2\/users\/3"
            }
        ],
        "replies": [
            {
                "embeddable": true,
                "href": "https:\/\/lucilius-interim.com\/de\/wp-json\/wp\/v2\/comments?post=5500"
            }
        ],
        "version-history": [
            {
                "count": 4,
                "href": "https:\/\/lucilius-interim.com\/de\/wp-json\/wp\/v2\/posts\/5500\/revisions"
            }
        ],
        "predecessor-version": [
            {
                "id": 5515,
                "href": "https:\/\/lucilius-interim.com\/de\/wp-json\/wp\/v2\/posts\/5500\/revisions\/5515"
            }
        ],
        "wp:featuredmedia": [
            {
                "embeddable": true,
                "href": "https:\/\/lucilius-interim.com\/de\/wp-json\/wp\/v2\/media\/5492"
            }
        ],
        "wp:attachment": [
            {
                "href": "https:\/\/lucilius-interim.com\/de\/wp-json\/wp\/v2\/media?parent=5500"
            }
        ],
        "wp:term": [
            {
                "taxonomy": "category",
                "embeddable": true,
                "href": "https:\/\/lucilius-interim.com\/de\/wp-json\/wp\/v2\/categories?post=5500"
            },
            {
                "taxonomy": "post_tag",
                "embeddable": true,
                "href": "https:\/\/lucilius-interim.com\/de\/wp-json\/wp\/v2\/tags?post=5500"
            }
        ],
        "curies": [
            {
                "name": "wp",
                "href": "https:\/\/api.w.org\/{rel}",
                "templated": true
            }
        ]
    }
}