{
    "id": 5480,
    "date": "2024-05-16T15:49:00",
    "date_gmt": "2024-05-16T15:49:00",
    "guid": {
        "rendered": "https:\/\/lucilius-interim.com\/?p=5480"
    },
    "modified": "2024-06-24T20:45:36",
    "modified_gmt": "2024-06-24T20:45:36",
    "slug": "neues-mandat-3",
    "status": "publish",
    "type": "post",
    "link": "https:\/\/lucilius-interim.com\/de\/neues-mandat-3\/",
    "title": {
        "rendered": "Neues Mandat"
    },
    "content": {
        "rendered": "<div class=\"et_d4_element et_pb_section et_pb_section_0  et_pb_css_mix_blend_mode et_section_regular et_block_section\" >\n\t\t\t\t\n\t\t\t\t\n\t\t\t\t\n\t\t\t\t\n\t\t\t\t\n\t\t\t\t\n\t\t\t\t<div class=\"et_d4_element et_pb_row et_pb_row_0  et_pb_css_mix_blend_mode et_block_row\">\n\t\t\t\t<div class=\"et_d4_element et_pb_column_4_4 et_pb_column et_pb_column_0  et_pb_css_mix_blend_mode et-last-child et_block_column\">\n\t\t\t\t\n\t\t\t\t\n\t\t\t\t\n\t\t\t\t\n\t\t\t\t<div class=\"et_pb_module et_d4_element et_pb_text et_pb_text_0  et_pb_text_align_left et_pb_bg_layout_light\">\n\t\t\t\t\n\t\t\t\t\n\t\t\t\t\n\t\t\t\t\n\t\t\t\t<div class=\"et_pb_text_inner\"><p><span class=\"break-words       tvm-parent-container\"><span dir=\"ltr\">Liebe Gesch\u00e4ftspartner, Freunde und Kollegen,<span><br \/><\/span><span class=\"white-space-pre\"> <\/span><span><br \/><\/span>ich habe ein neues Mandat angetreten und unterst\u00fctze die Dr. Wolff Gruppe in Bielefeld als Interim CFO. Dr. Wolff ist ein hoch-dynamischer, in der vierten Generation familiengef\u00fchrter Kosmetik- und Pharma-Player, dessen Marken Konsumentinnen und Konsumenten in \u00fcber 60 M\u00e4rkten der Welt erreichen. Eduard D\u00f6rrenberg, Christoph Harras-Wolff und Andreas Brinkhoff, herzlichen Dank f\u00fcr Ihr Vertrauen und die freundliche Aufnahme in das Leitungs-Team! Joachim Rupp, vielen Dank f\u00fcr die Unterst\u00fctzung!<\/span><\/span><span><br \/><\/span><span class=\"white-space-pre\"> <\/span><span><br \/><\/span>Beste Gr\u00fc\u00dfe,<span><br \/><\/span><span class=\"white-space-pre\"> <\/span><span><br \/><\/span>Dietmar<span><br \/><\/span><span><br \/><\/span>LUCILIUS INTERIM <br \/>Dr Dietmar Scheja<span><br \/>Financial Leadership<br \/><\/span><span><\/span><\/p>\n<p><span><\/span><\/p>\n<p><span>PS Die spiegelverkehrte 32 stammt von Philip Oroni auf unsplash.com<\/span><\/p><\/div>\n\t\t\t<\/div>\n\t\t\t<\/div>\n\t\t\t\t\n\t\t\t\t\n\t\t\t\t\n\t\t\t\t\n\t\t\t<\/div>\n\t\t\t\t\n\t\t\t\t\n\t\t\t<\/div>",
        "protected": false
    },
    "excerpt": {
        "rendered": "<p>Ab Mai unterst\u00fctze ich die Dr. Wolff Gruppe &#8211; Alpecin, Plantur, Bioniq und mehr &#8211; als Interim CFO. Yeah!<\/p>",
        "protected": false
    },
    "author": 3,
    "featured_media": 5491,
    "comment_status": "closed",
    "ping_status": "open",
    "sticky": false,
    "template": "",
    "format": "standard",
    "meta": {
        "_acf_changed": false,
        "_et_pb_use_builder": "on",
        "_et_pb_old_content": "",
        "_et_gb_content_width": "",
        "footnotes": ""
    },
    "categories": [
        15
    ],
    "tags": [
        20,
        42,
        108,
        67
    ],
    "class_list": [
        "post-5480",
        "post",
        "type-post",
        "status-publish",
        "format-standard",
        "has-post-thumbnail",
        "hentry",
        "category-announcements",
        "tag-financial-management",
        "tag-finanzleitung",
        "tag-fmcg",
        "tag-interim-cfo"
    ],
    "acf": [],
    "_links": {
        "self": [
            {
                "href": "https:\/\/lucilius-interim.com\/de\/wp-json\/wp\/v2\/posts\/5480",
                "targetHints": {
                    "allow": [
                        "GET"
                    ]
                }
            }
        ],
        "collection": [
            {
                "href": "https:\/\/lucilius-interim.com\/de\/wp-json\/wp\/v2\/posts"
            }
        ],
        "about": [
            {
                "href": "https:\/\/lucilius-interim.com\/de\/wp-json\/wp\/v2\/types\/post"
            }
        ],
        "author": [
            {
                "embeddable": true,
                "href": "https:\/\/lucilius-interim.com\/de\/wp-json\/wp\/v2\/users\/3"
            }
        ],
        "replies": [
            {
                "embeddable": true,
                "href": "https:\/\/lucilius-interim.com\/de\/wp-json\/wp\/v2\/comments?post=5480"
            }
        ],
        "version-history": [
            {
                "count": 7,
                "href": "https:\/\/lucilius-interim.com\/de\/wp-json\/wp\/v2\/posts\/5480\/revisions"
            }
        ],
        "predecessor-version": [
            {
                "id": 5514,
                "href": "https:\/\/lucilius-interim.com\/de\/wp-json\/wp\/v2\/posts\/5480\/revisions\/5514"
            }
        ],
        "wp:featuredmedia": [
            {
                "embeddable": true,
                "href": "https:\/\/lucilius-interim.com\/de\/wp-json\/wp\/v2\/media\/5491"
            }
        ],
        "wp:attachment": [
            {
                "href": "https:\/\/lucilius-interim.com\/de\/wp-json\/wp\/v2\/media?parent=5480"
            }
        ],
        "wp:term": [
            {
                "taxonomy": "category",
                "embeddable": true,
                "href": "https:\/\/lucilius-interim.com\/de\/wp-json\/wp\/v2\/categories?post=5480"
            },
            {
                "taxonomy": "post_tag",
                "embeddable": true,
                "href": "https:\/\/lucilius-interim.com\/de\/wp-json\/wp\/v2\/tags?post=5480"
            }
        ],
        "curies": [
            {
                "name": "wp",
                "href": "https:\/\/api.w.org\/{rel}",
                "templated": true
            }
        ]
    }
}