{
    "id": 5218,
    "date": "2023-03-23T09:58:38",
    "date_gmt": "2023-03-23T09:58:38",
    "guid": {
        "rendered": "https:\/\/lucilius-interim.com\/?p=5218"
    },
    "modified": "2023-09-06T08:40:41",
    "modified_gmt": "2023-09-06T08:40:41",
    "slug": "lucilius-interim-ddim",
    "status": "publish",
    "type": "post",
    "link": "https:\/\/lucilius-interim.com\/de\/lucilius-interim-ddim\/",
    "title": {
        "rendered": "Lucilius Interim-Beitrag bei DDIM"
    },
    "content": {
        "rendered": "<div class=\"et_d4_element et_pb_section et_pb_section_0  et_pb_css_mix_blend_mode et_section_regular et_block_section\" >\n\t\t\t\t\n\t\t\t\t\n\t\t\t\t\n\t\t\t\t\n\t\t\t\t\n\t\t\t\t\n\t\t\t\t<div class=\"et_d4_element et_pb_row et_pb_row_0  et_pb_css_mix_blend_mode et_block_row\">\n\t\t\t\t<div class=\"et_d4_element et_pb_column_4_4 et_pb_column et_pb_column_0  et_pb_css_mix_blend_mode et-last-child et_block_column\">\n\t\t\t\t\n\t\t\t\t\n\t\t\t\t\n\t\t\t\t\n\t\t\t\t<div class=\"et_pb_module et_d4_element et_pb_text et_pb_text_0  et_pb_text_align_left et_pb_bg_layout_light\">\n\t\t\t\t\n\t\t\t\t\n\t\t\t\t\n\t\t\t\t\n\t\t\t\t<div class=\"et_pb_text_inner\"><p>Ich freue mich sehr, dass der DDIM meinen Beitrag zu den Vorteilen, die Interim Manager aus einer pr\u00e4zisen inhaltlichen Fokussierung ziehen k\u00f6nnen, zur Ver\u00f6ffentlichung angenommen und auf seiner <a href=\"https:\/\/ddim.de\/facettenreich-aber-unsichtbar-wie-interim-manager-durch-fokussierung-sichtbar-werden\/\" target=\"_blank\" rel=\"noopener\">Webseite<\/a> zug\u00e4nglich gemacht hat.<\/p>\n<p>Ihr findet den Beitrag in englischer Sprache auch hier auf www.lucilius-interim.com im Abschnitt <a href=\"https:\/\/lucilius-interim.com\/wp-content\/uploads\/2023\/03\/Multifaceted.pdf\" target=\"_blank\" rel=\"noopener\">Ressourcen<\/a>.<\/p>\n<p>Bin auf Euer Feedback, liebe Kolleginnen und Kollegen im Interim Management, gespannt.<\/p>\n<p>Beste Gr\u00fc\u00dfe,<\/p>\n<p>&nbsp;<\/p>\n<p>Dietmar<\/p>\n<p>Lucilius Interim Dr Dietmar Scheja<br \/>Financial Leadership ad interim<\/p>\n<p>&nbsp;<\/p>\n<p>Das Photo mit der Nr. 21 ist von Konstantin Shimonenko auf unsplash.com<\/p><\/div>\n\t\t\t<\/div>\n\t\t\t<\/div>\n\t\t\t\t\n\t\t\t\t\n\t\t\t\t\n\t\t\t\t\n\t\t\t<\/div>\n\t\t\t\t\n\t\t\t\t\n\t\t\t<\/div>",
        "protected": false
    },
    "excerpt": {
        "rendered": "<p>Der DDIM ver\u00f6ffentlicht meinen Artikel \u00fcber die Vorteile klarer Fokussierung und Profilbildung f\u00fcr Interim Executives.<\/p>",
        "protected": false
    },
    "author": 3,
    "featured_media": 5219,
    "comment_status": "closed",
    "ping_status": "open",
    "sticky": false,
    "template": "",
    "format": "standard",
    "meta": {
        "_acf_changed": false,
        "_et_pb_use_builder": "on",
        "_et_pb_old_content": "",
        "_et_gb_content_width": "",
        "footnotes": ""
    },
    "categories": [
        15
    ],
    "tags": [
        67,
        95,
        19
    ],
    "class_list": [
        "post-5218",
        "post",
        "type-post",
        "status-publish",
        "format-standard",
        "has-post-thumbnail",
        "hentry",
        "category-announcements",
        "tag-interim-cfo",
        "tag-interim-executive",
        "tag-interim-management"
    ],
    "acf": [],
    "_links": {
        "self": [
            {
                "href": "https:\/\/lucilius-interim.com\/de\/wp-json\/wp\/v2\/posts\/5218",
                "targetHints": {
                    "allow": [
                        "GET"
                    ]
                }
            }
        ],
        "collection": [
            {
                "href": "https:\/\/lucilius-interim.com\/de\/wp-json\/wp\/v2\/posts"
            }
        ],
        "about": [
            {
                "href": "https:\/\/lucilius-interim.com\/de\/wp-json\/wp\/v2\/types\/post"
            }
        ],
        "author": [
            {
                "embeddable": true,
                "href": "https:\/\/lucilius-interim.com\/de\/wp-json\/wp\/v2\/users\/3"
            }
        ],
        "replies": [
            {
                "embeddable": true,
                "href": "https:\/\/lucilius-interim.com\/de\/wp-json\/wp\/v2\/comments?post=5218"
            }
        ],
        "version-history": [
            {
                "count": 8,
                "href": "https:\/\/lucilius-interim.com\/de\/wp-json\/wp\/v2\/posts\/5218\/revisions"
            }
        ],
        "predecessor-version": [
            {
                "id": 5289,
                "href": "https:\/\/lucilius-interim.com\/de\/wp-json\/wp\/v2\/posts\/5218\/revisions\/5289"
            }
        ],
        "wp:featuredmedia": [
            {
                "embeddable": true,
                "href": "https:\/\/lucilius-interim.com\/de\/wp-json\/wp\/v2\/media\/5219"
            }
        ],
        "wp:attachment": [
            {
                "href": "https:\/\/lucilius-interim.com\/de\/wp-json\/wp\/v2\/media?parent=5218"
            }
        ],
        "wp:term": [
            {
                "taxonomy": "category",
                "embeddable": true,
                "href": "https:\/\/lucilius-interim.com\/de\/wp-json\/wp\/v2\/categories?post=5218"
            },
            {
                "taxonomy": "post_tag",
                "embeddable": true,
                "href": "https:\/\/lucilius-interim.com\/de\/wp-json\/wp\/v2\/tags?post=5218"
            }
        ],
        "curies": [
            {
                "name": "wp",
                "href": "https:\/\/api.w.org\/{rel}",
                "templated": true
            }
        ]
    }
}